{"id":643,"date":"2022-09-28T10:44:38","date_gmt":"2022-09-28T10:44:38","guid":{"rendered":"https:\/\/erkder.org\/?p=643"},"modified":"2022-09-28T10:44:45","modified_gmt":"2022-09-28T10:44:45","slug":"bagcilar-kaymakami-olarak-atanan-hemsehrimiz-abdullah-uckunu-makaminda-ziyaret-ettik","status":"publish","type":"post","link":"https:\/\/erkder.org\/?p=643","title":{"rendered":"Ba\u011fc\u0131lar Kaymakam\u0131 olarak atanan hem\u015fehrimiz Abdullah U\u00e7kun&#8217;u makam\u0131nda ziyaret ettik.."},"content":{"rendered":"","protected":false},"excerpt":{"rendered":"","protected":false},"author":1,"featured_media":0,"comment_status":"open","ping_status":"open","sticky":false,"template":"","format":"standard","meta":[],"categories":[1],"tags":[],"_links":{"self":[{"href":"https:\/\/erkder.org\/index.php?rest_route=\/wp\/v2\/posts\/643"}],"collection":[{"href":"https:\/\/erkder.org\/index.php?rest_route=\/wp\/v2\/posts"}],"about":[{"href":"https:\/\/erkder.org\/index.php?rest_route=\/wp\/v2\/types\/post"}],"author":[{"embeddable":true,"href":"https:\/\/erkder.org\/index.php?rest_route=\/wp\/v2\/users\/1"}],"replies":[{"embeddable":true,"href":"https:\/\/erkder.org\/index.php?rest_route=%2Fwp%2Fv2%2Fcomments&post=643"}],"version-history":[{"count":1,"href":"https:\/\/erkder.org\/index.php?rest_route=\/wp\/v2\/posts\/643\/revisions"}],"predecessor-version":[{"id":644,"href":"https:\/\/erkder.org\/index.php?rest_route=\/wp\/v2\/posts\/643\/revisions\/644"}],"wp:attachment":[{"href":"https:\/\/erkder.org\/index.php?rest_route=%2Fwp%2Fv2%2Fmedia&parent=643"}],"wp:term":[{"taxonomy":"category","embeddable":true,"href":"https:\/\/erkder.org\/index.php?rest_route=%2Fwp%2Fv2%2Fcategories&post=643"},{"taxonomy":"post_tag","embeddable":true,"href":"https:\/\/erkder.org\/index.php?rest_route=%2Fwp%2Fv2%2Ftags&post=643"}],"curies":[{"name":"wp","href":"https:\/\/api.w.org\/{rel}","templated":true}]}}